{"id":4262,"date":"2019-03-12T17:19:43","date_gmt":"2019-03-12T16:19:43","guid":{"rendered":"https:\/\/www.hotel-aigle.ch\/brasserie-des-fees\/"},"modified":"2020-10-02T10:27:10","modified_gmt":"2020-10-02T08:27:10","slug":"brauerei-der-feen","status":"publish","type":"post","link":"https:\/\/www.hotel-aigle.ch\/de\/brauerei-der-feen\/","title":{"rendered":"Brauerei der Feen"},"content":{"rendered":"<p>Was meinen Sie zu einem hausgemachten Bier aus dem Val-de-Travers?<!--more--><\/p>\n<p>Seit kurzem hat die Brauerei der Feen den Betrieb an der Grand&#8217;Rue in Couvet er\u00f6ffnet, gerade gegen\u00fcber vom H\u00f4tel de l&#8217;Aigle. Es ist die erste Brauerei im Val-de-Travers! Drei leidenschaftliche, mit der Region als Wiege der gr\u00fcnen Fee stark verwurzelte Gr\u00fcnder haben die Brauerei der Feen ins Leben gerufen.<\/p>\n<p>Wir freuen uns, Ihnen drei ihrer Spezialit\u00e4ten in unserem Restaurant anbieten zu k\u00f6nnen, alle drei ungefiltert:<\/p>\n<ul>\n<li>La Valotine: Weissbier nach belgischer Art, mit blumigen und erfrischenden Absinthnoten<\/li>\n<li>La Monlesianne: Dunkles saisonales Bier, mit wunderbar w\u00fcrzigem Geschmack<\/li>\n<li>La Grebasthia: Weissbier nach deutscher Art, mit exotischer Geschmacksrichtung und reichlich bitter<\/li>\n<\/ul>\n<p>Sie finden eine Auswahl des Sortiments der Brauerei der Feen in unserer kleinen Boutique und auf <a href=\"https:\/\/shop.gout-region.ch\/de\/57_brasserie-des-fees\" target=\"_blank\" rel=\"noopener noreferrer\">shop.gout-region.ch<\/a>.<\/p>\n<p>Prost!<\/p>\n<div class=\"post-gallery swiper-container\" id=\"gallery-298\"  data-cherryslider='1' data-slider='sliderPro' data-init='{&quot;buttons&quot;:false,&quot;arrows&quot;:true}'><div class=\"swiper-wrapper\"><figure class=\"post-gallery__slide swiper-slide\"><img width=\"1051\" height=\"725\" src=\"https:\/\/www.hotel-aigle.ch\/wp-content\/uploads\/2019\/03\/bdf_epices-1051x725.jpg\" class=\"post-gallery__image swiper-image\" alt=\"\" loading=\"lazy\" \/><figcaption class=\"post-gallery__caption\">Gew\u00fcrze<\/figcaption><\/figure>\r\n<figure class=\"post-gallery__slide nth-child swiper-slide\"><img width=\"1051\" height=\"725\" src=\"https:\/\/www.hotel-aigle.ch\/wp-content\/uploads\/2019\/03\/bdf_bouteilles_logo-1051x725.jpg\" class=\"post-gallery__image swiper-image\" alt=\"\" loading=\"lazy\" \/><figcaption class=\"post-gallery__caption\">Brauerei der Feen<\/figcaption><\/figure>\r\n<figure class=\"post-gallery__slide nth-child swiper-slide\"><img width=\"1051\" height=\"725\" src=\"https:\/\/www.hotel-aigle.ch\/wp-content\/uploads\/2019\/03\/bdf_cuve_brasserie-1051x725.jpg\" class=\"post-gallery__image swiper-image\" alt=\"\" loading=\"lazy\" \/><figcaption class=\"post-gallery__caption\">Prost!<\/figcaption><\/figure><\/div><div class=\"swiper-button-prev post-gallery__button-prev\"><i class=\"arrows-previous11\"><\/i><\/div><div class=\"swiper-button-next post-gallery__button-next\"><i class=\"arrows-next15\"><\/i><\/div><\/div>\n","protected":false},"excerpt":{"rendered":"<p>Was meinen Sie zu einem hausgemachten Bier aus dem Val-de-Travers?<\/p>\n","protected":false},"author":1,"featured_media":4235,"comment_status":"closed","ping_status":"closed","sticky":false,"template":"","format":"standard","meta":{"mc4wp_mailchimp_campaign":[]},"categories":[189,129],"tags":[],"yoast_head":"<!-- This site is optimized with the Yoast SEO plugin v15.9.2 - https:\/\/yoast.com\/wordpress\/plugins\/seo\/ -->\n<title>Brauerei der Feen | H\u00f4tel de l&#039;Aigle - Couvet<\/title>\n<meta name=\"description\" content=\"Wir freuen uns, Ihnen drei Spezialit\u00e4ten der Brauerei der Feen in unserem Restaurant des H\u00f4tel de l&#039;Aigle anbieten zu k\u00f6nnen!\" \/>\n<meta name=\"robots\" content=\"index, follow, max-snippet:-1, max-image-preview:large, max-video-preview:-1\" \/>\n<link rel=\"canonical\" href=\"https:\/\/www.hotel-aigle.ch\/de\/brauerei-der-feen\/\" \/>\n<meta property=\"og:locale\" content=\"de_DE\" \/>\n<meta property=\"og:type\" content=\"article\" \/>\n<meta property=\"og:title\" content=\"Brauerei der Feen | H\u00f4tel de l&#039;Aigle - Couvet\" \/>\n<meta property=\"og:description\" content=\"Wir freuen uns, Ihnen drei Spezialit\u00e4ten der Brauerei der Feen in unserem Restaurant des H\u00f4tel de l&#039;Aigle anbieten zu k\u00f6nnen!\" \/>\n<meta property=\"og:url\" content=\"https:\/\/www.hotel-aigle.ch\/de\/brauerei-der-feen\/\" \/>\n<meta property=\"og:site_name\" content=\"H\u00f4tel de l&#039;Aigle - Couvet\" \/>\n<meta property=\"article:published_time\" content=\"2019-03-12T16:19:43+00:00\" \/>\n<meta property=\"article:modified_time\" content=\"2020-10-02T08:27:10+00:00\" \/>\n<meta property=\"og:image\" content=\"https:\/\/www.hotel-aigle.ch\/wp-content\/uploads\/2019\/03\/bdf_assortiment.jpg\" \/>\n\t<meta property=\"og:image:width\" content=\"1500\" \/>\n\t<meta property=\"og:image:height\" content=\"768\" \/>\n<meta name=\"twitter:card\" content=\"summary_large_image\" \/>\n<meta name=\"twitter:label1\" content=\"Gesch\u00e4tzte Lesezeit\">\n\t<meta name=\"twitter:data1\" content=\"1\u00a0Minute\">\n<script type=\"application\/ld+json\" class=\"yoast-schema-graph\">{\"@context\":\"https:\/\/schema.org\",\"@graph\":[{\"@type\":\"Organization\",\"@id\":\"https:\/\/www.hotel-aigle.ch\/de\/#organization\",\"name\":\"H\\u00f4tel de l'aigle\",\"url\":\"https:\/\/www.hotel-aigle.ch\/de\/\",\"sameAs\":[],\"logo\":{\"@type\":\"ImageObject\",\"@id\":\"https:\/\/www.hotel-aigle.ch\/de\/#logo\",\"inLanguage\":\"de\",\"url\":\"https:\/\/www.hotel-aigle.ch\/wp-content\/uploads\/2020\/04\/GOUT_REGION_AIG-scaled.jpg\",\"width\":2560,\"height\":2560,\"caption\":\"H\\u00f4tel de l'aigle\"},\"image\":{\"@id\":\"https:\/\/www.hotel-aigle.ch\/de\/#logo\"}},{\"@type\":\"WebSite\",\"@id\":\"https:\/\/www.hotel-aigle.ch\/de\/#website\",\"url\":\"https:\/\/www.hotel-aigle.ch\/de\/\",\"name\":\"H\\u00f4tel de l&#039;Aigle | Val-de-Travers\",\"description\":\"\",\"publisher\":{\"@id\":\"https:\/\/www.hotel-aigle.ch\/de\/#organization\"},\"potentialAction\":[{\"@type\":\"SearchAction\",\"target\":\"https:\/\/www.hotel-aigle.ch\/de\/?s={search_term_string}\",\"query-input\":\"required name=search_term_string\"}],\"inLanguage\":\"de\"},{\"@type\":\"ImageObject\",\"@id\":\"https:\/\/www.hotel-aigle.ch\/de\/brauerei-der-feen\/#primaryimage\",\"inLanguage\":\"de\",\"url\":\"https:\/\/www.hotel-aigle.ch\/wp-content\/uploads\/2019\/03\/bdf_assortiment.jpg\",\"width\":1500,\"height\":768},{\"@type\":\"WebPage\",\"@id\":\"https:\/\/www.hotel-aigle.ch\/de\/brauerei-der-feen\/#webpage\",\"url\":\"https:\/\/www.hotel-aigle.ch\/de\/brauerei-der-feen\/\",\"name\":\"Brauerei der Feen | H\\u00f4tel de l&#039;Aigle - Couvet\",\"isPartOf\":{\"@id\":\"https:\/\/www.hotel-aigle.ch\/de\/#website\"},\"primaryImageOfPage\":{\"@id\":\"https:\/\/www.hotel-aigle.ch\/de\/brauerei-der-feen\/#primaryimage\"},\"datePublished\":\"2019-03-12T16:19:43+00:00\",\"dateModified\":\"2020-10-02T08:27:10+00:00\",\"description\":\"Wir freuen uns, Ihnen drei Spezialit\\u00e4ten der Brauerei der Feen in unserem Restaurant des H\\u00f4tel de l'Aigle anbieten zu k\\u00f6nnen!\",\"breadcrumb\":{\"@id\":\"https:\/\/www.hotel-aigle.ch\/de\/brauerei-der-feen\/#breadcrumb\"},\"inLanguage\":\"de\",\"potentialAction\":[{\"@type\":\"ReadAction\",\"target\":[\"https:\/\/www.hotel-aigle.ch\/de\/brauerei-der-feen\/\"]}]},{\"@type\":\"BreadcrumbList\",\"@id\":\"https:\/\/www.hotel-aigle.ch\/de\/brauerei-der-feen\/#breadcrumb\",\"itemListElement\":[{\"@type\":\"ListItem\",\"position\":1,\"item\":{\"@type\":\"WebPage\",\"@id\":\"https:\/\/www.hotel-aigle.ch\/de\/\",\"url\":\"https:\/\/www.hotel-aigle.ch\/de\/\",\"name\":\"Accueil\"}},{\"@type\":\"ListItem\",\"position\":2,\"item\":{\"@type\":\"WebPage\",\"@id\":\"https:\/\/www.hotel-aigle.ch\/de\/brauerei-der-feen\/\",\"url\":\"https:\/\/www.hotel-aigle.ch\/de\/brauerei-der-feen\/\",\"name\":\"Brauerei der Feen\"}}]},{\"@type\":\"Article\",\"@id\":\"https:\/\/www.hotel-aigle.ch\/de\/brauerei-der-feen\/#article\",\"isPartOf\":{\"@id\":\"https:\/\/www.hotel-aigle.ch\/de\/brauerei-der-feen\/#webpage\"},\"author\":{\"@id\":\"https:\/\/www.hotel-aigle.ch\/de\/#\/schema\/person\/91aabc433dc5022dcf4b60595e25fa3e\"},\"headline\":\"Brauerei der Feen\",\"datePublished\":\"2019-03-12T16:19:43+00:00\",\"dateModified\":\"2020-10-02T08:27:10+00:00\",\"mainEntityOfPage\":{\"@id\":\"https:\/\/www.hotel-aigle.ch\/de\/brauerei-der-feen\/#webpage\"},\"publisher\":{\"@id\":\"https:\/\/www.hotel-aigle.ch\/de\/#organization\"},\"image\":{\"@id\":\"https:\/\/www.hotel-aigle.ch\/de\/brauerei-der-feen\/#primaryimage\"},\"articleSection\":\"Neuheiten,News\",\"inLanguage\":\"de\"},{\"@type\":\"Person\",\"@id\":\"https:\/\/www.hotel-aigle.ch\/de\/#\/schema\/person\/91aabc433dc5022dcf4b60595e25fa3e\",\"name\":\"adminAIGLE\",\"image\":{\"@type\":\"ImageObject\",\"@id\":\"https:\/\/www.hotel-aigle.ch\/de\/#personlogo\",\"inLanguage\":\"de\",\"url\":\"https:\/\/secure.gravatar.com\/avatar\/21522ab5eb10ea930f78a6dc014f0d12?s=96&d=mm&r=g\",\"caption\":\"adminAIGLE\"}}]}<\/script>\n<!-- \/ Yoast SEO plugin. -->","_links":{"self":[{"href":"https:\/\/www.hotel-aigle.ch\/de\/wp-json\/wp\/v2\/posts\/4262"}],"collection":[{"href":"https:\/\/www.hotel-aigle.ch\/de\/wp-json\/wp\/v2\/posts"}],"about":[{"href":"https:\/\/www.hotel-aigle.ch\/de\/wp-json\/wp\/v2\/types\/post"}],"author":[{"embeddable":true,"href":"https:\/\/www.hotel-aigle.ch\/de\/wp-json\/wp\/v2\/users\/1"}],"replies":[{"embeddable":true,"href":"https:\/\/www.hotel-aigle.ch\/de\/wp-json\/wp\/v2\/comments?post=4262"}],"version-history":[{"count":3,"href":"https:\/\/www.hotel-aigle.ch\/de\/wp-json\/wp\/v2\/posts\/4262\/revisions"}],"predecessor-version":[{"id":6527,"href":"https:\/\/www.hotel-aigle.ch\/de\/wp-json\/wp\/v2\/posts\/4262\/revisions\/6527"}],"wp:featuredmedia":[{"embeddable":true,"href":"https:\/\/www.hotel-aigle.ch\/de\/wp-json\/wp\/v2\/media\/4235"}],"wp:attachment":[{"href":"https:\/\/www.hotel-aigle.ch\/de\/wp-json\/wp\/v2\/media?parent=4262"}],"wp:term":[{"taxonomy":"category","embeddable":true,"href":"https:\/\/www.hotel-aigle.ch\/de\/wp-json\/wp\/v2\/categories?post=4262"},{"taxonomy":"post_tag","embeddable":true,"href":"https:\/\/www.hotel-aigle.ch\/de\/wp-json\/wp\/v2\/tags?post=4262"}],"curies":[{"name":"wp","href":"https:\/\/api.w.org\/{rel}","templated":true}]}}